{"id":837,"date":"2014-10-08T16:02:57","date_gmt":"2014-10-08T14:02:57","guid":{"rendered":"http:\/\/gerig.de\/de\/?p=837"},"modified":"2014-11-12T10:47:12","modified_gmt":"2014-11-12T09:47:12","slug":"weihnachtszick-op-koelsch-volume-3","status":"publish","type":"post","link":"https:\/\/gerig.de\/de\/weihnachtszick-op-koelsch-volume-3\/","title":{"rendered":"Weihnachtszick op k\u00f6lsch Volume 3"},"content":{"rendered":"<p style=\"color: #333233\"><a href=\"http:\/\/gerig.de\/de\/wp-content\/uploads\/sites\/3\/2014\/10\/975-kl.jpg\"><img loading=\"lazy\" decoding=\"async\" class=\"alignright size-medium wp-image-840\" src=\"http:\/\/gerig.de\/de\/wp-content\/uploads\/sites\/3\/2014\/10\/975-kl-300x300.jpg\" alt=\"975 kl\" width=\"300\" height=\"300\" srcset=\"https:\/\/gerig.de\/de\/wp-content\/uploads\/sites\/3\/2014\/10\/975-kl-300x300.jpg 300w, https:\/\/gerig.de\/de\/wp-content\/uploads\/sites\/3\/2014\/10\/975-kl-150x150.jpg 150w, https:\/\/gerig.de\/de\/wp-content\/uploads\/sites\/3\/2014\/10\/975-kl.jpg 450w\" sizes=\"auto, (max-width: 300px) 100vw, 300px\" \/><\/a>Wenn der kalte Wind die letzten Bl\u00e4tter von den B\u00e4umen fegt und wir wieder den\u00a0Wintermantel und die Lichterketten aus den\u00a0hintersten Ecken hervorholen, dann l\u00e4sst es sich nicht mehr verheimlichen: &#8222;Ob du willst oder nicht &#8211; Es weihnachtet schon!\u2026&#8220; &#8211; So rockt\u00a0es die Gruppe <em>Brings<\/em> in ihrem Song\u00a0<em>&#8218;Uns Weihnachtsshow&#8216;<\/em>\u00a0zu Beginn des Samplers <strong>Weihnachtszick op k\u00f6lsch Vol.\u00a03<\/strong>.<\/p>\n<p style=\"color: #333233\">Auch in der dritten Folge ist die <strong>Weihnachtszick op K\u00f6lsch, Vol.\u00a03<\/strong> ein facettenreicher Mix aus besinnlichen Balladen, lustigen Kr\u00e4tzchen, feurigen Rocksongs und poppigen Tanztiteln. Lassen sie sich auf musikalische und &#8222;janz k\u00f6lsche&#8220; Art einstimmen in die Advents- und Weihnachtszeit! Mit dabei sind wieder alle unsere Musikhelden &#8222;us K\u00f6lle&#8220; mit ihren neuen und teils noch unver\u00f6ffentlichten Titeln.<\/p>\n<p style=\"color: #333233\">Die CD beinhaltet 15 Lieder plus Bonustitel, dazu ein Posterbooklet mit festlichen Bratenrezepten und einen Weihnachtszick-Magnet f\u00fcr den K\u00fchlschrank.<\/p>\n<p style=\"color: #333233\"><b>Bestell.-Nr: 182-00975, Ver\u00f6ffentlichung am 17. Oktober 2014<br \/>\n<\/b><\/p>\n<p style=\"color: #333233\"><span style=\"color: #0000ff\"><b><span class=\"Apple-style-span\"><strong><a title=\"Amazon Bestellung\" href=\"http:\/\/www.amazon.de\/Weihnachtszick-Op-Koelsch-3-Various\/dp\/B00O2H8EN2\/ref=sr_1_fkmr0_3?s=music&amp;ie=UTF8&amp;qid=1412840340&amp;sr=1-3-fkmr0&amp;keywords=Weihnachtszick+op+k\u00f6lsch+Volume+3\" target=\"_blank\"><span style=\"color: #0000ff\">Hier das Album\u00a0bestellen!<\/span><\/a><\/strong><strong><a title=\"Amazon Bestellung\" href=\"http:\/\/www.amazon.de\/Weihnachtszick-Op-Koelsch-3-Various\/dp\/B00O2H8EN2\/ref=sr_1_fkmr0_3?s=music&amp;ie=UTF8&amp;qid=1412840340&amp;sr=1-3-fkmr0&amp;keywords=Weihnachtszick+op+k\u00f6lsch+Volume+3\" target=\"_blank\"><span style=\"color: #0000ff\"><br \/>\n<\/span><\/a><\/strong><strong><a title=\"Amazon Site\" href=\"http:\/\/www.amazon.de\/Weihnachtszick-op-K\u00f6lsch-Various-artists\/dp\/B00PE7NJWK\/ref=sr_1_2?s=dmusic&amp;ie=UTF8&amp;qid=1415785174&amp;sr=1-2&amp;keywords=Weihnachtszick+op+k\u00f6lsch\" target=\"_blank\"><span style=\"color: #0000ff\">Auch als MP3-Album zum Download verf\u00fcgbar!<\/span><\/a><\/strong><\/span><\/b><\/span><\/p>\n<p style=\"color: #333233\"><span style=\"color: #333233\"><b>Titel:\u00a0<\/b><\/span><i>Uns Weihnachtsshow (Live 2013) \u2013 BRINGS<\/i>, <i>Peace, Frieden, Schalom, Salam \u2013 H\u00d6HNER<\/i>, <i>Wann k\u00fctt der hillije Mann &#8211; MICKY BR\u00dcHL BAND<\/i>, <i>Do loch ne Boum &#8211; DAT K\u00d6LSCHE RATTEPACK<\/i>, <i>Junischnee \u2013 COL\u00d6R<\/i>, <i>Ich ben klein (Nikolausversion)<\/i> &#8211; <i>K\u00d6LSCHFRAKTION<\/i>, <i>Et es Weihnachtszick &#8211; MICKY BR\u00dcHL BAND<\/i>, <i>Rotz un Wasser &#8211; KOMMANDO MUNDART<\/i>, <i>Ejal wat jet koss \u2013 C\u00d6LLNER<\/i>, <i>D\u00e4 Kloos &#8211; COLOGNE CHRISTMAS THREE<\/i>, <i>K\u00f6lsche hillije Naach \u2013 VAJABUNDE<\/i>, <i>Wie schnell jeiht doch et Johr so er\u00f6m \u2013 K\u00d6LSCHFRAKTION<\/i>, <i>Weihnacht ist bald &#8211; BL\u00c4CK F\u00d6\u00d6SS<\/i>, <i>Am Himmel die St\u00e4\u00e4ne &#8211; NADINE WEYER<\/i>, <i>Wenn ich dich han \u2013 RABAUE<\/i>, <b><i>BONUS:\u00a0<\/i><\/b><i>Halt dich fass &#8211; LABBESE<br \/>\n<\/i><\/p>\n<audio class=\"wp-audio-shortcode\" id=\"audio-837-1\" preload=\"none\" style=\"width: 100%;\" controls=\"controls\"><source type=\"audio\/mpeg\" src=\"http:\/\/gerig.de\/de\/wp-content\/uploads\/sites\/3\/2014\/10\/Wie-schnell-Koelschfraktion.mp3?_=1\" \/><a href=\"http:\/\/gerig.de\/de\/wp-content\/uploads\/sites\/3\/2014\/10\/Wie-schnell-Koelschfraktion.mp3\">http:\/\/gerig.de\/de\/wp-content\/uploads\/sites\/3\/2014\/10\/Wie-schnell-Koelschfraktion.mp3<\/a><\/audio>\n<audio class=\"wp-audio-shortcode\" id=\"audio-837-2\" preload=\"none\" style=\"width: 100%;\" controls=\"controls\"><source type=\"audio\/mpeg\" src=\"http:\/\/gerig.de\/de\/wp-content\/uploads\/sites\/3\/2014\/10\/Uns-Weihnachtsshow-Brings.mp3?_=2\" \/><a href=\"http:\/\/gerig.de\/de\/wp-content\/uploads\/sites\/3\/2014\/10\/Uns-Weihnachtsshow-Brings.mp3\">http:\/\/gerig.de\/de\/wp-content\/uploads\/sites\/3\/2014\/10\/Uns-Weihnachtsshow-Brings.mp3<\/a><\/audio>\n<audio class=\"wp-audio-shortcode\" id=\"audio-837-3\" preload=\"none\" style=\"width: 100%;\" controls=\"controls\"><source type=\"audio\/mpeg\" src=\"http:\/\/gerig.de\/de\/wp-content\/uploads\/sites\/3\/2014\/10\/Der-hillije-Mann-Micky-Bruehl-Band.mp3?_=3\" \/><a href=\"http:\/\/gerig.de\/de\/wp-content\/uploads\/sites\/3\/2014\/10\/Der-hillije-Mann-Micky-Bruehl-Band.mp3\">http:\/\/gerig.de\/de\/wp-content\/uploads\/sites\/3\/2014\/10\/Der-hillije-Mann-Micky-Bruehl-Band.mp3<\/a><\/audio>\n<audio class=\"wp-audio-shortcode\" id=\"audio-837-4\" preload=\"none\" style=\"width: 100%;\" controls=\"controls\"><source type=\"audio\/mpeg\" src=\"http:\/\/gerig.de\/de\/wp-content\/uploads\/sites\/3\/2014\/10\/Rotz-un-Wasser-KommandoMundart.mp3?_=4\" \/><a href=\"http:\/\/gerig.de\/de\/wp-content\/uploads\/sites\/3\/2014\/10\/Rotz-un-Wasser-KommandoMundart.mp3\">http:\/\/gerig.de\/de\/wp-content\/uploads\/sites\/3\/2014\/10\/Rotz-un-Wasser-KommandoMundart.mp3<\/a><\/audio>\n<div><\/div>\n","protected":false},"excerpt":{"rendered":"<p>Wenn der kalte Wind die letzten Bl\u00e4tter von den B\u00e4umen fegt und wir wieder den\u00a0Wintermantel und die Lichterketten aus den\u00a0hintersten Ecken hervorholen, dann l\u00e4sst es sich nicht mehr verheimlichen: &#8222;Ob du willst oder nicht &#8211; Es weihnachtet schon!\u2026&#8220; &#8211; So rockt\u00a0es die Gruppe Brings in ihrem Song\u00a0&#8218;Uns Weihnachtsshow&#8216;\u00a0zu Beginn des Samplers Weihnachtszick op k\u00f6lsch Vol.\u00a03. [&hellip;]<\/p>\n","protected":false},"author":3,"featured_media":840,"comment_status":"closed","ping_status":"open","sticky":false,"template":"","format":"standard","meta":{"footnotes":""},"categories":[12],"tags":[],"class_list":["post-837","post","type-post","status-publish","format-standard","has-post-thumbnail","hentry","category-news"],"_links":{"self":[{"href":"https:\/\/gerig.de\/de\/wp-json\/wp\/v2\/posts\/837","targetHints":{"allow":["GET"]}}],"collection":[{"href":"https:\/\/gerig.de\/de\/wp-json\/wp\/v2\/posts"}],"about":[{"href":"https:\/\/gerig.de\/de\/wp-json\/wp\/v2\/types\/post"}],"author":[{"embeddable":true,"href":"https:\/\/gerig.de\/de\/wp-json\/wp\/v2\/users\/3"}],"replies":[{"embeddable":true,"href":"https:\/\/gerig.de\/de\/wp-json\/wp\/v2\/comments?post=837"}],"version-history":[{"count":0,"href":"https:\/\/gerig.de\/de\/wp-json\/wp\/v2\/posts\/837\/revisions"}],"wp:featuredmedia":[{"embeddable":true,"href":"https:\/\/gerig.de\/de\/wp-json\/wp\/v2\/media\/840"}],"wp:attachment":[{"href":"https:\/\/gerig.de\/de\/wp-json\/wp\/v2\/media?parent=837"}],"wp:term":[{"taxonomy":"category","embeddable":true,"href":"https:\/\/gerig.de\/de\/wp-json\/wp\/v2\/categories?post=837"},{"taxonomy":"post_tag","embeddable":true,"href":"https:\/\/gerig.de\/de\/wp-json\/wp\/v2\/tags?post=837"}],"curies":[{"name":"wp","href":"https:\/\/api.w.org\/{rel}","templated":true}]}}