{"id":34,"date":"2013-11-15T18:06:29","date_gmt":"2013-11-15T16:06:29","guid":{"rendered":"http:\/\/gerig.de\/en\/?p=34"},"modified":"2013-11-15T21:12:15","modified_gmt":"2013-11-15T19:12:15","slug":"wolfgang-niedecken","status":"publish","type":"post","link":"https:\/\/gerig.de\/en\/wolfgang-niedecken\/","title":{"rendered":"Wolfgang Niedecken"},"content":{"rendered":"<p><a href=\"http:\/\/gerig.de\/wp-content\/uploads\/2013\/07\/Wolfgang_Niedecken_BAP.png\"><img loading=\"lazy\" decoding=\"async\" class=\"size-full wp-image-454 alignright\" style=\"border: 1px solid black; margin-top: 2px; margin-bottom: 2px;\" alt=\"Wolfgang_Niedecken_BAP\" src=\"http:\/\/gerig.de\/wp-content\/uploads\/2013\/07\/Wolfgang_Niedecken_BAP.png\" width=\"300\" height=\"222\" \/><\/a>Seine ersten musikalischen Gehversuche \u00fcbte <strong>Wolfgang Niedecken<\/strong> zwischen 1964 und 1970 in heimischen Sch\u00fclerbands aus. Anschlie\u00dfend begann er sein \u201cStudium in Freier Malerei\u201d an der Fachhochschule f\u00fcr Bildende K\u00fcnste K\u00f6ln. Seitdem geh\u00f6rt <strong>Wolfgang Niedecken<\/strong> zu den anerkannten K\u00fcnstlern Deutschlands, der erst j\u00fcngst wieder (2004) durch eine Ausstellung in der Bundeskunsthalle geehrt wurde.<\/p>\n<p>1976 gr\u00fcndete er gemeinsam mit dem Gitarristen Hans Heres <strong>BAP<\/strong>. Stets aber lie\u00df er sich auch f\u00fcr andere musikalische Projekte begeistern. So ver\u00f6ffentlichte er drei erfolgreiche Soloalben (u.a. mit der WDR Big Band), spielte gemeinsam mit Bruce Springsteen die Video-Fassung von \u201cHungry Heart\u201d ein und war am Gold-pr\u00e4mierten \u201cRilke-Projekt\u201d beteiligt. Zuletzt las er das H\u00f6rbuch von Bob Dylans \u201cChronicles\u201d und reist mit seinem begeistert aufgenommenen Soloprojekt \u201cWolfgang Niedecken liest und singt Bob Dylan\u201d durch ausverkaufte Theater Deutschlands.<\/p>\n<p>Neben seinen k\u00fcnstlerischen Erfolgen war und ist <strong>Wolfgang Niedecken<\/strong> sozial engagiert. F\u00fcr seine f\u00fchrende Rolle bei der Anti-Rassismus-Kampagne <cite>Arsch huh, Z\u00e4ng ussenander<\/cite> erhielt er das Bundesverdienstkreuz. Seit 2004 ist er Botschafter f\u00fcr \u201cGemeinsam f\u00fcr Afrika\u201d.<\/p>\n<p><strong>VER\u00d6FFENTLICHUNGEN GITARRENB\u00dcCHER<\/strong>:<\/p>\n<p>&#8211; <strong>BAP f\u00fcr Gitarre<\/strong>, (ISBN 978-3-87252-154-5)<\/p>\n<p>&#8211; <strong>BAP Amerika<\/strong>, (ISBN 978-3-87252-261-0)<\/p>\n<p>&#8211; <strong>BAP f\u00fcr nohzespille<\/strong>, (ISBN 978-3-87252-304-4)<\/p>\n","protected":false},"excerpt":{"rendered":"<p>Seine ersten musikalischen Gehversuche \u00fcbte Wolfgang Niedecken zwischen 1964 und 1970 in heimischen Sch\u00fclerbands aus. Anschlie\u00dfend begann er sein \u201cStudium in Freier Malerei\u201d an der Fachhochschule f\u00fcr Bildende K\u00fcnste K\u00f6ln. Seitdem geh\u00f6rt Wolfgang Niedecken zu den anerkannten K\u00fcnstlern Deutschlands, der erst j\u00fcngst wieder (2004) durch eine Ausstellung in der Bundeskunsthalle geehrt wurde. 1976 gr\u00fcndete er [&hellip;]<\/p>\n","protected":false},"author":1,"featured_media":35,"comment_status":"closed","ping_status":"open","sticky":false,"template":"","format":"standard","meta":{"footnotes":""},"categories":[10],"tags":[],"class_list":["post-34","post","type-post","status-publish","format-standard","has-post-thumbnail","hentry","category-authors"],"_links":{"self":[{"href":"https:\/\/gerig.de\/en\/wp-json\/wp\/v2\/posts\/34","targetHints":{"allow":["GET"]}}],"collection":[{"href":"https:\/\/gerig.de\/en\/wp-json\/wp\/v2\/posts"}],"about":[{"href":"https:\/\/gerig.de\/en\/wp-json\/wp\/v2\/types\/post"}],"author":[{"embeddable":true,"href":"https:\/\/gerig.de\/en\/wp-json\/wp\/v2\/users\/1"}],"replies":[{"embeddable":true,"href":"https:\/\/gerig.de\/en\/wp-json\/wp\/v2\/comments?post=34"}],"version-history":[{"count":0,"href":"https:\/\/gerig.de\/en\/wp-json\/wp\/v2\/posts\/34\/revisions"}],"wp:featuredmedia":[{"embeddable":true,"href":"https:\/\/gerig.de\/en\/wp-json\/wp\/v2\/media\/35"}],"wp:attachment":[{"href":"https:\/\/gerig.de\/en\/wp-json\/wp\/v2\/media?parent=34"}],"wp:term":[{"taxonomy":"category","embeddable":true,"href":"https:\/\/gerig.de\/en\/wp-json\/wp\/v2\/categories?post=34"},{"taxonomy":"post_tag","embeddable":true,"href":"https:\/\/gerig.de\/en\/wp-json\/wp\/v2\/tags?post=34"}],"curies":[{"name":"wp","href":"https:\/\/api.w.org\/{rel}","templated":true}]}}