{"id":63,"date":"2013-11-15T18:07:36","date_gmt":"2013-11-15T16:07:36","guid":{"rendered":"http:\/\/gerig.de\/en\/?p=63"},"modified":"2013-11-15T21:12:15","modified_gmt":"2013-11-15T19:12:15","slug":"heinz-korn","status":"publish","type":"post","link":"https:\/\/gerig.de\/en\/heinz-korn\/","title":{"rendered":"Heinz Korn"},"content":{"rendered":"<p><a href=\"http:\/\/gerig.de\/wp-content\/uploads\/2013\/07\/Heinz-Korn.png\"><img loading=\"lazy\" decoding=\"async\" class=\"size-full wp-image-382 alignright\" style=\"border: 1px solid black; margin-top: 2px; margin-bottom: 2px;\" alt=\"Heinz-Korn\" src=\"http:\/\/gerig.de\/wp-content\/uploads\/2013\/07\/Heinz-Korn.png\" width=\"232\" height=\"300\" \/><\/a>Heinz Korn wurde am 02.12.1923 in D\u00fcsseldorf geboren.<\/p>\n<p>Seine hohe musikalische Begabung zeigte sich schon in seiner Kindheit und mit 14 Jahren schrieb er seine ersten Schlagerlieder. Sein Musikstudium absolvierte er bei Professor Ophoven.<\/p>\n<p>Mit 18 Jahren wurde Heinz Korn Soldat. Nach der Milit\u00e4rzeit und russischer Kriegsgefangenschaft war er als Komponist f\u00fcr eine D\u00fcsseldorfer Kabarettb\u00fchne t\u00e4tig. 1947 ein erster gro\u00dfer Erfolg. Seine Komposition \u201eSuleika\u201c wird verlegt und bereits 1950 wurde die erste Schallplatte mit dem Titel \u201eIch w\u00fcnsche dir viel Gl\u00fcck\u201c ver\u00f6ffentlicht. Die Fr\u00fcchte seiner Arbeit waren zahlreiche Preise wie 1959 \u201ePreis f\u00fcr den besten Teenager-Song\u201c beim 1. Deutschen Schlagerfestival in Wiesbaden, vordere Platzierungen bei den Deutschen Schlagerfestspielen in Baden-Baden, wo er 1965 mit dem Titel \u201eMit 17 hat man noch Tr\u00e4ume\u201cden glorreichen ersten Platz belegte. Da Heinz Korn bei diesem Titel Text und Musik schrieb, meinte ein Musikjournalist, dass er folglich auch doppelt zur Kasse ging, und so erfand er den bis heute g\u00e4ngigen Branchen-Namen \u201eDoppel-Korn\u201c.<\/p>\n<p>Neben dem Texter und Komponisten gab es von Anfang an auch den Verlagsmann Heinz Korn, der es bei einer Verlagst\u00e4tigkeit von \u00fcber 37 Jahren zu Respekt und gro\u00dfem Ansehen in der Branche brachte. Bereits 1947 war er Leiter der Abteilung Tanz- und Unterhaltungsmusik im Rheinischen Musikverlag in D\u00fcsseldorf. 1956 wechselte er zu den Gerig-Verlagen nach K\u00f6ln, wo er zuerst als Produktionsleiter und dann von 1966 bis 1984 als k\u00fcnstlerischer Direktor t\u00e4tig war.<\/p>\n<p>Er bekleidet ab 1977 das Ehrenamt als Pr\u00e4sident des Deutschen Textdichter-Verbandes. Weitere Ehren\u00e4mter folgen 1979 als Ehrenmitglied im Aufsichtsrat der Gema und seit 1982 als stellvertretender Vorsitzender.<\/p>\n<p>Sein Lebenswerk umfasst \u00fcber 500 verlegte Titel von denen \u00fcber 400 auf Schallplatten erschienen sind.<\/p>\n<p>Mit seinem Tod am 05.03.1993 verlor die Musikwelt einen gro\u00dfartiger Mann, Komponisten und Texter mit einer einzigartigen musikalischen Begabung, Engagement und dem richtigen Gesp\u00fcr f\u00fcr die Musikbranche.<\/p>\n<p>&nbsp;<\/p>\n","protected":false},"excerpt":{"rendered":"<p>Heinz Korn wurde am 02.12.1923 in D\u00fcsseldorf geboren. Seine hohe musikalische Begabung zeigte sich schon in seiner Kindheit und mit 14 Jahren schrieb er seine ersten Schlagerlieder. Sein Musikstudium absolvierte er bei Professor Ophoven. Mit 18 Jahren wurde Heinz Korn Soldat. Nach der Milit\u00e4rzeit und russischer Kriegsgefangenschaft war er als Komponist f\u00fcr eine D\u00fcsseldorfer Kabarettb\u00fchne [&hellip;]<\/p>\n","protected":false},"author":1,"featured_media":64,"comment_status":"closed","ping_status":"open","sticky":false,"template":"","format":"standard","meta":{"footnotes":""},"categories":[10],"tags":[],"class_list":["post-63","post","type-post","status-publish","format-standard","has-post-thumbnail","hentry","category-authors"],"_links":{"self":[{"href":"https:\/\/gerig.de\/en\/wp-json\/wp\/v2\/posts\/63","targetHints":{"allow":["GET"]}}],"collection":[{"href":"https:\/\/gerig.de\/en\/wp-json\/wp\/v2\/posts"}],"about":[{"href":"https:\/\/gerig.de\/en\/wp-json\/wp\/v2\/types\/post"}],"author":[{"embeddable":true,"href":"https:\/\/gerig.de\/en\/wp-json\/wp\/v2\/users\/1"}],"replies":[{"embeddable":true,"href":"https:\/\/gerig.de\/en\/wp-json\/wp\/v2\/comments?post=63"}],"version-history":[{"count":0,"href":"https:\/\/gerig.de\/en\/wp-json\/wp\/v2\/posts\/63\/revisions"}],"wp:featuredmedia":[{"embeddable":true,"href":"https:\/\/gerig.de\/en\/wp-json\/wp\/v2\/media\/64"}],"wp:attachment":[{"href":"https:\/\/gerig.de\/en\/wp-json\/wp\/v2\/media?parent=63"}],"wp:term":[{"taxonomy":"category","embeddable":true,"href":"https:\/\/gerig.de\/en\/wp-json\/wp\/v2\/categories?post=63"},{"taxonomy":"post_tag","embeddable":true,"href":"https:\/\/gerig.de\/en\/wp-json\/wp\/v2\/tags?post=63"}],"curies":[{"name":"wp","href":"https:\/\/api.w.org\/{rel}","templated":true}]}}