{"id":671,"date":"2014-02-26T12:41:10","date_gmt":"2014-02-26T11:41:10","guid":{"rendered":"http:\/\/gerig.de\/en\/?p=671"},"modified":"2014-02-26T12:42:10","modified_gmt":"2014-02-26T11:42:10","slug":"vajabunde","status":"publish","type":"post","link":"https:\/\/gerig.de\/en\/vajabunde\/","title":{"rendered":"Vajabunde"},"content":{"rendered":"<p><a href=\"http:\/\/gerig.de\/en\/wp-content\/uploads\/sites\/2\/2013\/11\/Vajabunde-kl.jpg\"><img loading=\"lazy\" decoding=\"async\" class=\"alignright size-full wp-image-97\" style=\"margin-top: 2px;margin-bottom: 2px;margin-left: 8px\" alt=\"\" src=\"http:\/\/gerig.de\/en\/wp-content\/uploads\/sites\/2\/2013\/11\/Vajabunde-kl.jpg\" width=\"200\" height=\"137\" \/><\/a>1998 fanden sich drei Musiker und gr\u00fcndeten die Musikgruppe &#8218;De Vajabunde&#8216;.\u00a0Seinerzeit waren dies:\u00a0<em>Ulli Hertel, Reiner Axen\u00a0<\/em>und<em>\u00a0Manfred Hille<\/em>.<br \/>\n2001 wurden &#8218;De Vajabunde&#8216; mit ihrem Titel\u00a0<em><strong>Arschkruffe<\/strong><\/em>\u00a0von den H\u00f6rern Radio K\u00f6lns zum Tophit der Karnevalssession gew\u00e4hlt und belegten den ersten Platz der Karnevalshitparade! Auftritte im WDR Fernsehen, den WDR Arkaden, N\u00e4rrische Hitparade, Fr\u00fchling in NRW und viele mehr steigerten den Grad ihrer Bekanntheit.<\/p>\n<p>Im Jahr 2004 musste\u00a0<em>Ulli Hertel<\/em>\u00a0die Gruppe aus beruflichen Gr\u00fcnden verlassen.\u00a0<em>Bj\u00f6rn Heuser<\/em>\u00a0kam hinzu und bereichert die Gruppe durch seine Kreativit\u00e4t und sein musikalisches K\u00f6nnen.<\/p>\n<p>Seit Beginn unterst\u00fctzen &#8218;De Vajabunde&#8216; soziale Einrichtungen. Insbesondere treten sie f\u00fcr das\u00a0Schlaflabor im Porzer Krankenhaus ein. 2006 erscheint eine Sonderver\u00f6ffentlichung mit ihrem abgewandelten Singletitel\u00a0<em><strong>En Porz jebore<\/strong><\/em>\u00a0(statt\u00a0<em><strong>En K\u00f6lle jebore<\/strong><\/em>) zugunsten des Porzer Krankenhauses. Diese Single wird an die Eltern der mehr als 1000 Neugeborenen pro Jahr verschenkt.<\/p>\n<p>In der Session 2005 \/ 2006 zogen &#8218;De Vajabunde&#8216; mit dem Porzer Dreigestirn in das Finale der N\u00e4rrischen Hitparade (WDR Fernsehen) ein und erreichten den 6. Platz von \u00fcber 500 Bewerbern.\u00a0Seit 2008 haben &#8218;De Vajabunde&#8216; ihren Auftrittsbereich vom K\u00f6lner Umland um &#8211; die Lieblingsinsel der Deutschen &#8211; Mallorca erweitert. Mit ihren neuen Songs\u00a0<em><strong>Holla die Waldfee<\/strong>\u00a0<\/em>und\u00a0<em><strong>K\u00f6lsche Art ze l\u00e4\u00e4vve<\/strong><\/em>\u00a0im Gep\u00e4ck wollen sie auch die Ballermann-Szene zum Abrocken bringen!<\/p>\n<p>Seit 2009 ist\u00a0<em>Tommy Hoffmann<\/em>\u00a0der Mann an der akustischen Gitarre und der Flitsch (Mandoline) und \u00fcberzeugt durch eine tolle B\u00fchnenpr\u00e4senz. In diesem Jahr\u00a0reiste die Band nach China \/ Peking und brachte auch dort mit verschiedenen Life-Auftritten das Publikum in Stimmung. H\u00f6hepunkte waren der Auftritt auf der chinesischen Mauer und im Olympiapark.<\/p>\n<p>Im Jahr 2013 habe sich die &#8218;Urvajabunde&#8216; dazu entschlossen die Band zu erweitern. So sind die &#8218;Vajabunde&#8216; mittlerweile zu f\u00fcnft auf der B\u00fchne und haben sich mit\u00a0<em>Herbert Kastleiner<\/em>\u00a0und\u00a0<em>Eugen Prominski<\/em>\u00a0verst\u00e4rkt.<\/p>\n<p>&nbsp;<\/p>\n<p><span style=\"color: #ff0000\"><strong>Ver\u00f6ffentlichungen:<\/strong><\/span><\/p>\n<p>Maxi-Single\u00a0<em><strong>Nit alles wat e Loch h\u00e4t<\/strong><br \/>\n<\/em>(V\u00d6: 2003 ,\u00a0Kat.-Nr: 742-00599, leider vergriffen)<\/p>\n<p>Maxi-Single\u00a0<em><strong>En K\u00f6lle jebore<\/strong><\/em><br \/>\n(V\u00d6: 2004 ,\u00a0Kat.-Nr: 742-00624, leider vergriffen)<\/p>\n<p>Maxi-Single\u00a0<em><strong>Keine Parkplatz<\/strong><\/em><br \/>\n(V\u00d6: 2005 ,\u00a0Kat.-Nr: 742-00644, leider vergriffen)<\/p>\n<p>Album\u00a0<em><strong>Nur f\u00fcr dich<\/strong><\/em><br \/>\n(V\u00d6:\u00a02006,\u00a0Kat.-Nr: 187-00674)<\/p>\n<p>Maxi-Single\u00a0<em><strong>Holla die Waldfee<\/strong><\/em><br \/>\n(V\u00d6: 2008,\u00a0Kat.-Nr: 730-00724)<\/p>\n<p>Maxi-Single\u00a0<b><i>F\u00fcr die Liebe, f\u00fcr das Leben<\/i><\/b><br \/>\n(V\u00d6:\u00a02011,\u00a0Kat.-Nr: 724-00850)<\/p>\n","protected":false},"excerpt":{"rendered":"<p>1998 fanden sich drei Musiker und gr\u00fcndeten die Musikgruppe &#8218;De Vajabunde&#8216;.\u00a0Seinerzeit waren dies:\u00a0Ulli Hertel, Reiner Axen\u00a0und\u00a0Manfred Hille. 2001 wurden &#8218;De Vajabunde&#8216; mit ihrem Titel\u00a0Arschkruffe\u00a0von den H\u00f6rern Radio K\u00f6lns zum Tophit der Karnevalssession gew\u00e4hlt und belegten den ersten Platz der Karnevalshitparade! Auftritte im WDR Fernsehen, den WDR Arkaden, N\u00e4rrische Hitparade, Fr\u00fchling in NRW und viele mehr [&hellip;]<\/p>\n","protected":false},"author":3,"featured_media":97,"comment_status":"closed","ping_status":"open","sticky":false,"template":"","format":"standard","meta":{"footnotes":""},"categories":[16],"tags":[],"class_list":["post-671","post","type-post","status-publish","format-standard","has-post-thumbnail","hentry","category-artists"],"_links":{"self":[{"href":"https:\/\/gerig.de\/en\/wp-json\/wp\/v2\/posts\/671","targetHints":{"allow":["GET"]}}],"collection":[{"href":"https:\/\/gerig.de\/en\/wp-json\/wp\/v2\/posts"}],"about":[{"href":"https:\/\/gerig.de\/en\/wp-json\/wp\/v2\/types\/post"}],"author":[{"embeddable":true,"href":"https:\/\/gerig.de\/en\/wp-json\/wp\/v2\/users\/3"}],"replies":[{"embeddable":true,"href":"https:\/\/gerig.de\/en\/wp-json\/wp\/v2\/comments?post=671"}],"version-history":[{"count":0,"href":"https:\/\/gerig.de\/en\/wp-json\/wp\/v2\/posts\/671\/revisions"}],"wp:featuredmedia":[{"embeddable":true,"href":"https:\/\/gerig.de\/en\/wp-json\/wp\/v2\/media\/97"}],"wp:attachment":[{"href":"https:\/\/gerig.de\/en\/wp-json\/wp\/v2\/media?parent=671"}],"wp:term":[{"taxonomy":"category","embeddable":true,"href":"https:\/\/gerig.de\/en\/wp-json\/wp\/v2\/categories?post=671"},{"taxonomy":"post_tag","embeddable":true,"href":"https:\/\/gerig.de\/en\/wp-json\/wp\/v2\/tags?post=671"}],"curies":[{"name":"wp","href":"https:\/\/api.w.org\/{rel}","templated":true}]}}