{"id":69,"date":"2013-11-15T18:07:36","date_gmt":"2013-11-15T16:07:36","guid":{"rendered":"http:\/\/gerig.de\/en\/?p=69"},"modified":"2015-10-22T10:38:28","modified_gmt":"2015-10-22T08:38:28","slug":"guenter-eilemann","status":"publish","type":"post","link":"https:\/\/gerig.de\/en\/guenter-eilemann\/","title":{"rendered":"G\u00fcnter Eilemann"},"content":{"rendered":"<p>&nbsp;<\/p>\n<div>\n<p><a href=\"http:\/\/gerig.de\/wp-content\/uploads\/2013\/07\/Eilemann-2.png\"><img loading=\"lazy\" decoding=\"async\" class=\"size-full wp-image-371 alignright\" style=\"margin-top: 2px;margin-bottom: 2px;margin-left: 8px\" src=\"http:\/\/gerig.de\/wp-content\/uploads\/2013\/07\/Eilemann-2.png\" alt=\"Eilemann-2\" width=\"200\" height=\"300\" \/><\/a>G\u00fcnter Eilemann wurde am 14. April 1923 in K\u00f6ln geboren.<\/p>\n<p>Nach vielen Entbehrungen, bedingt durch einen l\u00e4ngeren Einsatz am S\u00fcdabschnitt der russischen Front, kommt in der Silvesternacht des Jahres 1944 f\u00fcr G\u00fcnter Eilemann im Kriegslazarett von Battalia Therme in Italien das Gl\u00fcck: Den Offizieren im Kasino gef\u00e4llt seine Swing-Musik so gut, dass er nicht mehr an die Front zur\u00fcck muss. Werner Finck, damals als Chef mit der \u201cFrontb\u00fchne Italien\u201d zur Truppenbetreuung auf Tournee, verhilft dem K\u00f6lner nach Kriegsende nicht nur zu einer Bleibe, sondern verschafft ihm auch Auftritte in einem amerikanischen Offiziersclub in Garmisch-Partenkirchen.<\/p>\n<p>Im Sp\u00e4therbst des Jahres 1947 kehrt G\u00fcnter Eilemann nach K\u00f6ln zur\u00fcck. An seiner Seite Ulla Rosenow, Berlinerin und mehrfache Deutsche Tennismeisterin, die seine Frau werden sollte, \u00a0in der Hand einen Koffer mit wenigen Habseligkeiten. Die elterliche Wohnung liegt, wie fast alles in K\u00f6ln, in Schutt und Asche. Erich Kolter, Besitzer einer Eisengie\u00dferei, besorgt dem jungen Paar eine Wohnung, ein anderer Freund verschafft dem Heimkehrer einen Job in einem Sportverlag, w\u00e4hrend Ulla Eilemann den Marienburgern das Tennisspielen beibringt. Tags\u00fcber betreut G\u00fcnter Eilemann die Kiosk-Besitzer und achtet auf werbewirksame Auslagen der Verlagsprodukte. Nachts sitzt er im Hotel Europa als Alleinunterhalter am Klavier.<\/p>\n<p>Der Schlagertexter Klaus Peter Urban wird zum Ausl\u00f6ser zur Gr\u00fcndung des\u00a0<em>Eilemann-Trios<\/em>. Als er G\u00fcnter Eilemann (\u201cIch hatte gar keine Ahnung von Karneval\u201d) seinen Liedertext\u00a0<em><strong>Ich hab heut\u2019 einen sch\u00f6nen Schwips<\/strong><\/em>\u00a0zum Vertonen in die Hand dr\u00fcckt, geht alles Schlag auf Schlag. Zwei Lieder sind vorhanden, doch Akkordeonist Eilemann hat bestimmte Vorstellungen. Angesichtes der \u00fcberm\u00e4chtigen Karnevals-Stars wie Karl Berbuer, Jupp Schl\u00f6sser, Jupp Schmitz, Toni Steingass und den Vier Botze sucht er nach Partnern. Bei\u00a0<em>Karl-Heinz Nettesheim<\/em>\u00a0(Rhythmus-Gitarre) und\u00a0<em>bei Horst Muys<\/em>\u00a0(Schauspieler, Komiker, Ba\u00df) st\u00f6\u00dft sein Wunsch auf offene Ohren. Auf der Elften im Elften-Feier der \u201cGro\u00dfen K\u00f6lner\u201d unter Pr\u00e4sident Albrecht Bodde schl\u00e4gt 1952 im Williams-Bau am Aachener Weiher die Geburtsstunde der\u00a0<em>Eilem\u00e4nner<\/em>. Der Erfolg ist \u00fcberw\u00e4ltigend: 45 Mark Gage gibt es bar auf die Hand, das Auftragsbuch f\u00fcllt sich. 1956 ersetzt Willy Schweden, der eigentlich \u2013 genau wie G\u00fcnter Eilemann \u2013 Zahnarzt werden sollte, Karl-Heinz Nettesheim. Horst Muys, k\u00f6lnisches \u201cenfant terrible\u201d, wird in der Karnevals-Session 1962 von Charly Niedieck abgel\u00f6st.<\/p>\n<p>Die Karriere der Eilem\u00e4nner verl\u00e4uft fortan rasant: Radio- und Fernsehshows mit Peter Frankenfeld, Hans-Joachim Kuhlenkampff und Hans Rosenthal, Neckermanns allj\u00e4hrliche Modenschau, Engagements auf Kreuzfahrten nach Westafrika, S\u00fcdamerika, Karibik, Nordatlantik, Schwarzes Meer, Nordmeer. Dann ein pers\u00f6nlicher Schicksalsschlag f\u00fcr den Boss: 1968 stirbt Ulla Eilemann nach einem Herzanfall. Auf einer Nordamerika-Tournee lernt G\u00fcnter Eilemann die Restaurant-Managerin Karin Henschel kennen. Die geb\u00fcrtige Westfalin erbittet in einem Hotel in Toronto von Willy Millowitsch ein Autogramm. Der Wunsch wird erf\u00fcllt \u2013 die Hochzeit mit G\u00fcnter Eilemann ist 1972 die \u201cSp\u00e4tfolge\u201d.<\/p>\n<p>1987 feiern die Eilem\u00e4nner ihr 35j\u00e4hriges B\u00fchnenjubil\u00e4um im Senft\u00f6pfchen, 1991 strahlt das Fernsehen die im B\u00f6rsensaal aufgenommene Show<em>\u00a0\u201cMusik, Humor und Nadelstreifen 40 Jahre Eilemann-Trio\u201d<\/em>\u00a0aus. Auf der gleichnamigen CD sind die gr\u00f6\u00dften Hits aus der Komponisten-Feder von G\u00fcnter Eilemann enthalten. Klaus Peter Urban, Bruno W\u00fcst und insbesondere Martha Ibach schrieben hierzu die Texte. Als Baas der K\u00f6lner Karnevalsvereinigung \u201cMuuzem\u00e4ndelcher\u201d widmet sich G\u00fcnter Eilemann (FC-Fan, Ex-Tennisspieler und jetziger Golf-Crack) bis 1993 in uneigenn\u00fctziger Weise dem Nachwuchs. Der tragische Unfall-Tod von Charly Niedieck am 01. November 1992 gibt den Ausschlag f\u00fcr die von G\u00fcnter Eilemann getroffene Entscheidung, das nach ihm benannte Trio aufzul\u00f6sen. Die folgende Karnevals-Session wird zum seri\u00f6sen, aber fr\u00f6hlichen Abschied von der Karnevalsb\u00fchne.<\/p>\n<p>Der Golfplatz wird zum B\u00fchnenersatz. Als er am Elften im Elften 1996 f\u00fcr eine WDR-Rundfunk- und Fernsehsendung die B\u00fchne im K\u00f6lner Funkhaus betritt, um zusammen mit Willy Schweden ein Medley seiner erfolgreichsten Lieder zu singen, wird er begeistert gefeiert. F\u00fcr das Fernsehen moderiert er in der Session 1996\/97 eine mehrteilige Serie \u00fcber den K\u00f6lner Karneval und wenn er im April 1998 seinen 75. Geburtstag feiern kann, dann werden in der K\u00f6lner Philharmonie Weggef\u00e4hrten, Freunde und Fans einem Mann huldigen, der wie kaum ein anderer k\u00f6lsche und rheinische Lebensart in aller Welt mit Charme und Humor verbreitet hat.<\/p>\n<p><span class=\"Apple-style-span\">W\u00e4hrend seiner aktiven Zeit komponierte G\u00fcnter Eilemann mehr als 200 Lieder.\u00a0Einige bekannte\u00a0<\/span>Kompositionen sind u. a.\u00a0<strong><em>Das Matterhorn, Oh de Colonia, Sie will ja nach Sevilla<\/em>.<\/strong><\/p>\n<p><span class=\"Apple-style-span\">G\u00fcnter Eilemann starb am 4. Oktober 2015 im Alter von 92 Jahren in einem Pflegeheim im K\u00f6ln.<\/span><\/p>\n<p><span style=\"color: #ff0000\"><strong>Ver\u00f6ffentlichung:<\/strong><\/span><\/p>\n<p>CD\u00a0<strong>Musik, Humor und Nadelstreifen<\/strong><br \/>\n40 Jahre Eielemann-Trio, Musik aus der gleichnamigen WDR TV-Show<br \/>\n(Katalog-Nr.: 170-00131, Carlton Musikvertrieb GmbH)<\/p>\n<p>Buch\u00a0<strong>Stimmung und Jux f\u00fcr das ganze Jahr<\/strong><br \/>\nTextbuch mit Stimmungsliedern von Willi Ostermann, Jupp Schmitz, Gerhard Jussenhoven, G\u00fcnter Eilemann, Heinz Gietz, Gerhard Winkler u. v. m.<br \/>\n(EM 2434, Musikverlage Hans Gerig KG)<\/p>\n<\/div>\n","protected":false},"excerpt":{"rendered":"<p>&nbsp; G\u00fcnter Eilemann wurde am 14. April 1923 in K\u00f6ln geboren. Nach vielen Entbehrungen, bedingt durch einen l\u00e4ngeren Einsatz am S\u00fcdabschnitt der russischen Front, kommt in der Silvesternacht des Jahres 1944 f\u00fcr G\u00fcnter Eilemann im Kriegslazarett von Battalia Therme in Italien das Gl\u00fcck: Den Offizieren im Kasino gef\u00e4llt seine Swing-Musik so gut, dass er nicht [&hellip;]<\/p>\n","protected":false},"author":1,"featured_media":70,"comment_status":"closed","ping_status":"open","sticky":false,"template":"","format":"standard","meta":{"footnotes":""},"categories":[10],"tags":[],"class_list":["post-69","post","type-post","status-publish","format-standard","has-post-thumbnail","hentry","category-authors"],"_links":{"self":[{"href":"https:\/\/gerig.de\/en\/wp-json\/wp\/v2\/posts\/69","targetHints":{"allow":["GET"]}}],"collection":[{"href":"https:\/\/gerig.de\/en\/wp-json\/wp\/v2\/posts"}],"about":[{"href":"https:\/\/gerig.de\/en\/wp-json\/wp\/v2\/types\/post"}],"author":[{"embeddable":true,"href":"https:\/\/gerig.de\/en\/wp-json\/wp\/v2\/users\/1"}],"replies":[{"embeddable":true,"href":"https:\/\/gerig.de\/en\/wp-json\/wp\/v2\/comments?post=69"}],"version-history":[{"count":0,"href":"https:\/\/gerig.de\/en\/wp-json\/wp\/v2\/posts\/69\/revisions"}],"wp:featuredmedia":[{"embeddable":true,"href":"https:\/\/gerig.de\/en\/wp-json\/wp\/v2\/media\/70"}],"wp:attachment":[{"href":"https:\/\/gerig.de\/en\/wp-json\/wp\/v2\/media?parent=69"}],"wp:term":[{"taxonomy":"category","embeddable":true,"href":"https:\/\/gerig.de\/en\/wp-json\/wp\/v2\/categories?post=69"},{"taxonomy":"post_tag","embeddable":true,"href":"https:\/\/gerig.de\/en\/wp-json\/wp\/v2\/tags?post=69"}],"curies":[{"name":"wp","href":"https:\/\/api.w.org\/{rel}","templated":true}]}}