{"id":75,"date":"2013-11-15T18:07:36","date_gmt":"2013-11-15T16:07:36","guid":{"rendered":"http:\/\/gerig.de\/en\/?p=75"},"modified":"2013-11-15T21:12:15","modified_gmt":"2013-11-15T19:12:15","slug":"franz-martin-willizil","status":"publish","type":"post","link":"https:\/\/gerig.de\/en\/franz-martin-willizil\/","title":{"rendered":"Franz-Martin Willizil"},"content":{"rendered":"<p><a href=\"http:\/\/gerig.de\/wp-content\/uploads\/2013\/07\/FM1.png\"><img loading=\"lazy\" decoding=\"async\" class=\"size-full wp-image-358 alignright\" style=\"border: 1px solid black; margin-top: 2px; margin-bottom: 2px;\" alt=\"FM1\" src=\"http:\/\/gerig.de\/wp-content\/uploads\/2013\/07\/FM1.png\" width=\"300\" height=\"190\" \/><\/a>Man kennt ihn eigentlich in K\u00f6ln und Umgebung eher in der Abk\u00fcrzung seines Vornamens: FM. \u00dcber zwei Jahrzehnte konnte man sich die H\u00f6hner ohne FM nicht vorstellen. Seine Kreativit\u00e4t und musikalischen F\u00e4higkeiten stehen mit f\u00fcr deren Erfolg.<\/p>\n<p>Allein mit seiner Gitarre und der unverwechselbaren Stimme \u2013 oder auf Wunsch auch mit eigener Band \u2013 bringt \u201cD\u00c4 HOOT\u201d seine Songs zur vollen Entfaltung und sein Publikum ins Schw\u00e4rmen \u2013 mit Stimmungskrachern wie \u201cNix em B\u00fcggel\u201d oder \u201cIch ben klein\u201d, humorigen Milieu-Schilderungen bis hin zu gef\u00fchlvollen, besinnlichen Balladen wie \u201cPass joot op dich op\u201d und nat\u00fcrlich auch seine Lieblingslieder aus den alten H\u00f6hner-Zeiten wie \u201cHey K\u00f6lle, do bes e Jef\u00f6hl\u201d, \u201cKumm, loss mr fiere\u201d, \u201cMinsche wie mir\u201d oder \u201cMing Stadt\u201d.<\/p>\n<p>Dar\u00fcber hinaus ist und bleibt er ein entscheidender Kopf in der K\u00f6lner Musikszene. Offen und leidenschaftlich belebt und f\u00f6rdert \u201cD\u00c4 HOOT\u201d auf diese Weise das K\u00f6lner Brauchtum.<\/p>\n<p>EINFACH JOOT: \u201cD\u00c4 HOOT\u201d!<\/p>\n<p>Aktuelle CD: \u201cSongs us\u2019m Hoot\u201d (Gerig\/Carlton)<\/p>\n","protected":false},"excerpt":{"rendered":"<p>Man kennt ihn eigentlich in K\u00f6ln und Umgebung eher in der Abk\u00fcrzung seines Vornamens: FM. \u00dcber zwei Jahrzehnte konnte man sich die H\u00f6hner ohne FM nicht vorstellen. Seine Kreativit\u00e4t und musikalischen F\u00e4higkeiten stehen mit f\u00fcr deren Erfolg. Allein mit seiner Gitarre und der unverwechselbaren Stimme \u2013 oder auf Wunsch auch mit eigener Band \u2013 bringt [&hellip;]<\/p>\n","protected":false},"author":1,"featured_media":76,"comment_status":"closed","ping_status":"open","sticky":false,"template":"","format":"standard","meta":{"footnotes":""},"categories":[10],"tags":[],"class_list":["post-75","post","type-post","status-publish","format-standard","has-post-thumbnail","hentry","category-authors"],"_links":{"self":[{"href":"https:\/\/gerig.de\/en\/wp-json\/wp\/v2\/posts\/75","targetHints":{"allow":["GET"]}}],"collection":[{"href":"https:\/\/gerig.de\/en\/wp-json\/wp\/v2\/posts"}],"about":[{"href":"https:\/\/gerig.de\/en\/wp-json\/wp\/v2\/types\/post"}],"author":[{"embeddable":true,"href":"https:\/\/gerig.de\/en\/wp-json\/wp\/v2\/users\/1"}],"replies":[{"embeddable":true,"href":"https:\/\/gerig.de\/en\/wp-json\/wp\/v2\/comments?post=75"}],"version-history":[{"count":0,"href":"https:\/\/gerig.de\/en\/wp-json\/wp\/v2\/posts\/75\/revisions"}],"wp:featuredmedia":[{"embeddable":true,"href":"https:\/\/gerig.de\/en\/wp-json\/wp\/v2\/media\/76"}],"wp:attachment":[{"href":"https:\/\/gerig.de\/en\/wp-json\/wp\/v2\/media?parent=75"}],"wp:term":[{"taxonomy":"category","embeddable":true,"href":"https:\/\/gerig.de\/en\/wp-json\/wp\/v2\/categories?post=75"},{"taxonomy":"post_tag","embeddable":true,"href":"https:\/\/gerig.de\/en\/wp-json\/wp\/v2\/tags?post=75"}],"curies":[{"name":"wp","href":"https:\/\/api.w.org\/{rel}","templated":true}]}}